{"id":6671,"date":"2025-10-16T21:59:12","date_gmt":"2025-10-16T19:59:12","guid":{"rendered":"https:\/\/www.wcdn.wroc.pl\/www\/?p=6671"},"modified":"2025-10-16T22:00:00","modified_gmt":"2025-10-16T20:00:00","slug":"konferencja-wplyw-aktywnosci-fizycznej-i-zdrowego-odzywiania-na-zdrowie-i-dobrostan-ucznia","status":"publish","type":"post","link":"https:\/\/www.wcdn.wroc.pl\/www\/?p=6671","title":{"rendered":"Konferencja: Wp\u0142yw aktywno\u015bci fizycznej i zdrowego od\u017cywiania na zdrowie i dobrostan ucznia"},"content":{"rendered":"<p class=\"x_MsoNoSpacing\">Serdecznie zapraszamy dyrektor\u00f3w oraz nauczycieli do udzia\u0142u w konferencji pt.\u00a0<em>\u201eWp\u0142yw aktywno\u015bci fizycznej i zdrowego od\u017cywiania na zdrowie i dobrostan ucznia\u201d, <\/em>kt\u00f3ra odb\u0119dzie si\u0119<strong> w \u015brod\u0119, 22 pa\u017adziernika 2025 roku o godz. 14.00, <\/strong>w\u00a0Auli dla Kultury w Zespole Szk\u00f3\u0142 nr 1 we Wroc\u0142awiu, ul S\u0142ubicka 29-33.<!--more--><\/p>\n<p class=\"x_MsoNoSpacing\">Konferencja po\u015bwi\u0119cona b\u0119dzie roli ruchu oraz prawid\u0142owych nawyk\u00f3w \u017cywieniowych w\u00a0procesie nauki, rozwoju i kszta\u0142towania dobrostanu psychofizycznego dzieci i m\u0142odzie\u017cy. Podczas spotkania uczestnicy b\u0119d\u0105 mieli okazj\u0119:<\/p>\n<ul>\n<li>poszerzenia wiedzy w zakresie profilaktyki prozdrowotnej,<\/li>\n<li>zapoznania si\u0119 z praktycznymi rozwi\u0105zaniami wspieraj\u0105cymi zdrowy styl \u017cycia,<\/li>\n<li>wymiany do\u015bwiadcze\u0144 i dobrych praktyk mi\u0119dzy nauczycielami.<\/li>\n<\/ul>\n<p class=\"x_MsoNoSpacing\"><u>Prelegentami podczas konferencji b\u0119d\u0105:<\/u><\/p>\n<ul>\n<li><strong>Joanna Markowska,<\/strong>\u00a0do\u015bwiadczony dydaktyk, dietetyk, psychodietetyk, technolog \u017cywno\u015bci oraz doradca w kwestii \u017cywienia. Od 18 lat pracuje jako dietetyk i edukator \u017cywieniowy.\u00a0Na co dzie\u0144 przekazuje swoj\u0105 wiedz\u0119 podczas lekcji biologii w LO nr\u00a0V w oddziale polskim i mi\u0119dzynarodowym oraz prowadzi wyk\u0142ady z przedmiot\u00f3w specjalizacyjnych na uczelniach wy\u017cszych. Jest autork\u0105 publikacji oraz artyku\u0142\u00f3w w periodykach naukowych. Stworzy\u0142a r\u00f3wnie\u017c autorski cykl szkole\u0144.<\/li>\n<li><strong>Urszula Bia\u0142ek i Joanna Wolfart-Piech,<\/strong>\u00a0duet, kt\u00f3ry w \u015bwiecie wychowania fizycznego dzia\u0142a jak dobrze zgrana sztafeta: jedna podaje pomys\u0142, druga doprowadza go do mety\u2026 i odwrotnie.\u00a0Obie s\u0105 nauczycielkami WF, doradczyniami metodycznymi WCDN, a tak\u017ce autorkami wielu publikacji, program\u00f3w nauczania, projekt\u00f3w edukacyjnych i pomocy dydaktycznych dla nauczycieli. Na swoim koncie maj\u0105 r\u00f3wnie\u017c niezliczon\u0105 liczb\u0119 szkole\u0144 i konferencji, kt\u00f3re prowadzi\u0142y z energi\u0105 por\u00f3wnywaln\u0105 do meczu fina\u0142owego o z\u0142oty medal. Ich praca zosta\u0142a doceniona na najwy\u017cszym szczeblu \u2013 otrzyma\u0142y nagrody Prezydenta Miasta Wroc\u0142awia oraz Ministra Edukacji Narodowej. Twierdz\u0105, \u017ce najlepszym \u201epaliwem\u201d do tworzenia jest dla nich ruch, a ich programy s\u0105 jak dobrze skrojony dres, pasuj\u0105 ka\u017cdemu i pozwalaj\u0105 poczu\u0107 si\u0119 swobodnie. Jak same m\u00f3wi\u0105: \u201eMamy moc w ruchu i w papierach te\u017c!\u201d.<\/li>\n<\/ul>\n<p class=\"x_MsoNoSpacing\">Mamy nadziej\u0119, \u017ce udzia\u0142 w konferencji stanie si\u0119 dla Pa\u0144stwa \u017ar\u00f3d\u0142em wiedzy, inspiracji oraz impulsem do podejmowania dalszych inicjatyw na rzecz zdrowia uczni\u00f3w.\u00a0<strong>Udzia\u0142 w spotkaniu jest bezp\u0142atny.<\/strong><\/p>\n<p class=\"x_MsoNoSpacing\"><strong>Zapisy:\u00a0<\/strong>(kod formy DCH17):\u00a0<a class=\"x_OWAAutoLink\" href=\"https:\/\/www.wcdn.wroc.pl\/szkolenia\/forma.php?forma=11798\" target=\"_blank\" rel=\"noopener noreferrer\">https:\/\/www.wcdn.wroc.pl\/szkolenia\/forma.php?forma=11798<\/a><\/p>\n<p>&nbsp;<\/p>\n<p>&nbsp;<\/p>\n","protected":false},"excerpt":{"rendered":"<p>Serdecznie zapraszamy dyrektor\u00f3w oraz nauczycieli do udzia\u0142u w konferencji pt.\u00a0\u201eWp\u0142yw aktywno\u015bci fizycznej i zdrowego od\u017cywiania na zdrowie i dobrostan ucznia\u201d, kt\u00f3ra odb\u0119dzie si\u0119 w \u015brod\u0119, 22 pa\u017adziernika 2025 roku o godz. 14.00, w\u00a0Auli dla Kultury w Zespole Szk\u00f3\u0142 nr 1 &hellip; <a href=\"https:\/\/www.wcdn.wroc.pl\/www\/?p=6671\">Czytaj dalej <span class=\"meta-nav\">&rarr;<\/span><\/a><\/p>\n","protected":false},"author":6,"featured_media":0,"comment_status":"closed","ping_status":"open","sticky":false,"template":"","format":"standard","meta":[],"categories":[4],"tags":[],"_links":{"self":[{"href":"https:\/\/www.wcdn.wroc.pl\/www\/index.php?rest_route=\/wp\/v2\/posts\/6671"}],"collection":[{"href":"https:\/\/www.wcdn.wroc.pl\/www\/index.php?rest_route=\/wp\/v2\/posts"}],"about":[{"href":"https:\/\/www.wcdn.wroc.pl\/www\/index.php?rest_route=\/wp\/v2\/types\/post"}],"author":[{"embeddable":true,"href":"https:\/\/www.wcdn.wroc.pl\/www\/index.php?rest_route=\/wp\/v2\/users\/6"}],"replies":[{"embeddable":true,"href":"https:\/\/www.wcdn.wroc.pl\/www\/index.php?rest_route=%2Fwp%2Fv2%2Fcomments&post=6671"}],"version-history":[{"count":4,"href":"https:\/\/www.wcdn.wroc.pl\/www\/index.php?rest_route=\/wp\/v2\/posts\/6671\/revisions"}],"predecessor-version":[{"id":6675,"href":"https:\/\/www.wcdn.wroc.pl\/www\/index.php?rest_route=\/wp\/v2\/posts\/6671\/revisions\/6675"}],"wp:attachment":[{"href":"https:\/\/www.wcdn.wroc.pl\/www\/index.php?rest_route=%2Fwp%2Fv2%2Fmedia&parent=6671"}],"wp:term":[{"taxonomy":"category","embeddable":true,"href":"https:\/\/www.wcdn.wroc.pl\/www\/index.php?rest_route=%2Fwp%2Fv2%2Fcategories&post=6671"},{"taxonomy":"post_tag","embeddable":true,"href":"https:\/\/www.wcdn.wroc.pl\/www\/index.php?rest_route=%2Fwp%2Fv2%2Ftags&post=6671"}],"curies":[{"name":"wp","href":"https:\/\/api.w.org\/{rel}","templated":true}]}}