{"id":6979,"date":"2026-04-29T16:37:32","date_gmt":"2026-04-29T14:37:32","guid":{"rendered":"https:\/\/www.wcdn.wroc.pl\/www\/?p=6979"},"modified":"2026-04-29T16:37:32","modified_gmt":"2026-04-29T14:37:32","slug":"nowa-podstawa-programowa-co-nowego-w-klasie-4-na-matematyce","status":"publish","type":"post","link":"https:\/\/www.wcdn.wroc.pl\/www\/?p=6979","title":{"rendered":"Nowa podstawa programowa. Co nowego w klasie 4 na matematyce?"},"content":{"rendered":"<p>Zapraszamy nauczycieli matematyki szk\u00f3\u0142 podstawowych na <strong>bezp\u0142atne szkolenie online<\/strong>\u00a0z Edyt\u0105 Biernat, doradczyni\u0105 metodyczn\u0105 WCDN:\u00a0<em>Nowa podstawa programowa. Co nowego w klasie 4 na matematyce? <\/em>Webinarium zaplanowano na\u00a0<strong>18 maja 2026 roku (poniedzia\u0142ek) o godz. 15.00,<\/strong>\u00a0na platformie MS Teams.<!--more--><\/p>\n<p>Uczestnicy szkolenia:<\/p>\n<ul>\n<li>poznaj\u0105 r\u00f3\u017cnice mi\u0119dzy\u00a0star\u0105, a now\u0105\u00a0podstaw\u0105 programow\u0105,<\/li>\n<li>poznaj\u0105 g\u0142\u00f3wne za\u0142o\u017cenia Kompasu Jutro w kontek\u015bcie nauczania matematyki,<\/li>\n<li>dowiedz\u0105 si\u0119 co zmienia si\u0119 na lekcjach matematyki w klasie 4,<\/li>\n<li>wzbogac\u0105 swoj\u0105 wiedz\u0119.<\/li>\n<\/ul>\n<p><strong>Zapisy<\/strong>\u00a0(kod formy EBI2):\u00a0<a href=\"https:\/\/www.wcdn.wroc.pl\/szkolenia\/forma.php?forma=12068\">https:\/\/www.wcdn.wroc.pl\/szkolenia\/forma.php?forma=12068<\/a><\/p>\n","protected":false},"excerpt":{"rendered":"<p>Zapraszamy nauczycieli matematyki szk\u00f3\u0142 podstawowych na bezp\u0142atne szkolenie online\u00a0z Edyt\u0105 Biernat, doradczyni\u0105 metodyczn\u0105 WCDN:\u00a0Nowa podstawa programowa. Co nowego w klasie 4 na matematyce? Webinarium zaplanowano na\u00a018 maja 2026 roku (poniedzia\u0142ek) o godz. 15.00,\u00a0na platformie MS Teams.<\/p>\n","protected":false},"author":6,"featured_media":0,"comment_status":"closed","ping_status":"open","sticky":false,"template":"","format":"standard","meta":[],"categories":[4],"tags":[],"_links":{"self":[{"href":"https:\/\/www.wcdn.wroc.pl\/www\/index.php?rest_route=\/wp\/v2\/posts\/6979"}],"collection":[{"href":"https:\/\/www.wcdn.wroc.pl\/www\/index.php?rest_route=\/wp\/v2\/posts"}],"about":[{"href":"https:\/\/www.wcdn.wroc.pl\/www\/index.php?rest_route=\/wp\/v2\/types\/post"}],"author":[{"embeddable":true,"href":"https:\/\/www.wcdn.wroc.pl\/www\/index.php?rest_route=\/wp\/v2\/users\/6"}],"replies":[{"embeddable":true,"href":"https:\/\/www.wcdn.wroc.pl\/www\/index.php?rest_route=%2Fwp%2Fv2%2Fcomments&post=6979"}],"version-history":[{"count":1,"href":"https:\/\/www.wcdn.wroc.pl\/www\/index.php?rest_route=\/wp\/v2\/posts\/6979\/revisions"}],"predecessor-version":[{"id":6980,"href":"https:\/\/www.wcdn.wroc.pl\/www\/index.php?rest_route=\/wp\/v2\/posts\/6979\/revisions\/6980"}],"wp:attachment":[{"href":"https:\/\/www.wcdn.wroc.pl\/www\/index.php?rest_route=%2Fwp%2Fv2%2Fmedia&parent=6979"}],"wp:term":[{"taxonomy":"category","embeddable":true,"href":"https:\/\/www.wcdn.wroc.pl\/www\/index.php?rest_route=%2Fwp%2Fv2%2Fcategories&post=6979"},{"taxonomy":"post_tag","embeddable":true,"href":"https:\/\/www.wcdn.wroc.pl\/www\/index.php?rest_route=%2Fwp%2Fv2%2Ftags&post=6979"}],"curies":[{"name":"wp","href":"https:\/\/api.w.org\/{rel}","templated":true}]}}