{"id":7038,"date":"2026-07-16T09:44:56","date_gmt":"2026-07-16T07:44:56","guid":{"rendered":"https:\/\/www.wcdn.wroc.pl\/www\/?p=7038"},"modified":"2026-07-16T09:44:56","modified_gmt":"2026-07-16T07:44:56","slug":"konferencja-metodyczna-dla-wychowawcow-swietlic-szkolnych","status":"publish","type":"post","link":"https:\/\/www.wcdn.wroc.pl\/www\/?p=7038","title":{"rendered":"Konferencja metodyczna dla wychowawc\u00f3w \u015bwietlic szkolnych"},"content":{"rendered":"<p>Serdecznie zapraszamy wychowawc\u00f3w \u015bwietlic szkolnych na konferencj\u0119 otwarcia nowego roku szkolnego zaplanowan\u0105 na <strong>27 sierpnia (czwartek) 2026 roku o godz. 13.00,<\/strong> w auli Zespo\u0142u Szk\u00f3\u0142 nr 1 przy ul. S\u0142ubickiej 29-33.<!--more--><\/p>\n<p><strong>W programie:<br \/>\n<\/strong><\/p>\n<ul>\n<li>aktualne kierunki pracy \u015bwietlic szkolnych,<\/li>\n<li>inspiruj\u0105ce rozwi\u0105zania metodyczne \u2013 propozycje szkoleniowe,<\/li>\n<li>wymiana do\u015bwiadcze\u0144 i dobrych praktyk,<\/li>\n<li><strong>spotkanie z radc\u0105 prawnym<\/strong>, kt\u00f3ry om\u00f3wi najwa\u017cniejsze zagadnienia prawne zwi\u0105zane z prac\u0105 kierownika, lidera i wychowawcy \u015bwietlicy,<\/li>\n<li>przestrze\u0144 do rozmowy i wsp\u00f3\u0142pracy przy kawie i herbacie.<\/li>\n<\/ul>\n<p>Spotkanie to doskona\u0142a okazja, aby pozna\u0107 nowe pomys\u0142y, nawi\u0105za\u0107 kontakty zawodowe i wzbogaci\u0107 sw\u00f3j warsztat pracy.<\/p>\n<p><strong>Rejestracja<\/strong>\u00a0na konferencj\u0119 <strong>(kod formy TSZ15):<\/strong> <a href=\"https:\/\/www.wcdn.wroc.pl\/szkolenia\/forma.php?forma=12534\">https:\/\/www.wcdn.wroc.pl\/szkolenia\/forma.php?forma=12534<\/a><\/p>\n<p>Organizatorem spotkania jest Teresa Szpak, nauczyciel konsultant<br \/>\nWroc\u0142awskiego Centrum Doskonalenia Nauczycieli.<\/p>\n","protected":false},"excerpt":{"rendered":"<p>Serdecznie zapraszamy wychowawc\u00f3w \u015bwietlic szkolnych na konferencj\u0119 otwarcia nowego roku szkolnego zaplanowan\u0105 na 27 sierpnia (czwartek) 2026 roku o godz. 13.00, w auli Zespo\u0142u Szk\u00f3\u0142 nr 1 przy ul. S\u0142ubickiej 29-33.<\/p>\n","protected":false},"author":6,"featured_media":0,"comment_status":"closed","ping_status":"open","sticky":false,"template":"","format":"standard","meta":[],"categories":[4],"tags":[],"_links":{"self":[{"href":"https:\/\/www.wcdn.wroc.pl\/www\/index.php?rest_route=\/wp\/v2\/posts\/7038"}],"collection":[{"href":"https:\/\/www.wcdn.wroc.pl\/www\/index.php?rest_route=\/wp\/v2\/posts"}],"about":[{"href":"https:\/\/www.wcdn.wroc.pl\/www\/index.php?rest_route=\/wp\/v2\/types\/post"}],"author":[{"embeddable":true,"href":"https:\/\/www.wcdn.wroc.pl\/www\/index.php?rest_route=\/wp\/v2\/users\/6"}],"replies":[{"embeddable":true,"href":"https:\/\/www.wcdn.wroc.pl\/www\/index.php?rest_route=%2Fwp%2Fv2%2Fcomments&post=7038"}],"version-history":[{"count":1,"href":"https:\/\/www.wcdn.wroc.pl\/www\/index.php?rest_route=\/wp\/v2\/posts\/7038\/revisions"}],"predecessor-version":[{"id":7039,"href":"https:\/\/www.wcdn.wroc.pl\/www\/index.php?rest_route=\/wp\/v2\/posts\/7038\/revisions\/7039"}],"wp:attachment":[{"href":"https:\/\/www.wcdn.wroc.pl\/www\/index.php?rest_route=%2Fwp%2Fv2%2Fmedia&parent=7038"}],"wp:term":[{"taxonomy":"category","embeddable":true,"href":"https:\/\/www.wcdn.wroc.pl\/www\/index.php?rest_route=%2Fwp%2Fv2%2Fcategories&post=7038"},{"taxonomy":"post_tag","embeddable":true,"href":"https:\/\/www.wcdn.wroc.pl\/www\/index.php?rest_route=%2Fwp%2Fv2%2Ftags&post=7038"}],"curies":[{"name":"wp","href":"https:\/\/api.w.org\/{rel}","templated":true}]}}