{"id":7070,"date":"2026-09-02T20:00:04","date_gmt":"2026-09-02T18:00:04","guid":{"rendered":"https:\/\/www.wcdn.wroc.pl\/www\/?p=7070"},"modified":"2026-09-02T20:51:40","modified_gmt":"2026-09-02T18:51:40","slug":"podstawa-programowa-co-nowego-w-klasie-iv-na-matematyce","status":"publish","type":"post","link":"https:\/\/www.wcdn.wroc.pl\/www\/?p=7070","title":{"rendered":"Podstawa programowa \u2013 co nowego w klasie IV na matematyce"},"content":{"rendered":"<p>Zapraszamy nauczycieli matematyki ze szk\u00f3\u0142 podstawowych na <strong>bezp\u0142atne szkolenie online:<\/strong> <em>Podstawa programowa \u2013 co nowego w klasie IV na matematyce (Reforma26. Kompas Jutra). <\/em>Dodatkowy termin webinarium zaplanowano na <strong>14 wrze\u015bnia 2026 roku (poniedzia\u0142ek) o godz. 15.00,<\/strong> na platformie MS Teams.<!--more--><\/p>\n<p>Uczestnicy szkolenia:<\/p>\n<ul>\n<li>poznaj\u0105 r\u00f3\u017cnice mi\u0119dzy star\u0105, a now\u0105 podstaw\u0105 programow\u0105,<\/li>\n<li>poznaj\u0105 g\u0142\u00f3wne za\u0142o\u017cenia Kompasu Jutra w kontek\u015bcie nauczania matematyki,<\/li>\n<li>dowiedz\u0105 si\u0119 co zmienia si\u0119 na lekcjach matematyki w klasie 4,<\/li>\n<li>wzbogac\u0105 swoj\u0105 wiedz\u0119.<\/li>\n<\/ul>\n<p><strong>Zapisy<\/strong> (kod formy EBI1): <a href=\"https:\/\/www.wcdn.wroc.pl\/szkolenia\/forma.php?forma=12401\">https:\/\/www.wcdn.wroc.pl\/szkolenia\/forma.php?forma=12401<\/a><\/p>\n<p>Szkolenie poprowadzi Edyta Biernat, doradca metodyczny WCDN.<\/p>\n","protected":false},"excerpt":{"rendered":"<p>Zapraszamy nauczycieli matematyki ze szk\u00f3\u0142 podstawowych na bezp\u0142atne szkolenie online: Podstawa programowa \u2013 co nowego w klasie IV na matematyce (Reforma26. Kompas Jutra). Dodatkowy termin webinarium zaplanowano na 14 wrze\u015bnia 2026 roku (poniedzia\u0142ek) o godz. 15.00, na platformie MS Teams.<\/p>\n","protected":false},"author":6,"featured_media":0,"comment_status":"closed","ping_status":"open","sticky":false,"template":"","format":"standard","meta":[],"categories":[4],"tags":[],"_links":{"self":[{"href":"https:\/\/www.wcdn.wroc.pl\/www\/index.php?rest_route=\/wp\/v2\/posts\/7070"}],"collection":[{"href":"https:\/\/www.wcdn.wroc.pl\/www\/index.php?rest_route=\/wp\/v2\/posts"}],"about":[{"href":"https:\/\/www.wcdn.wroc.pl\/www\/index.php?rest_route=\/wp\/v2\/types\/post"}],"author":[{"embeddable":true,"href":"https:\/\/www.wcdn.wroc.pl\/www\/index.php?rest_route=\/wp\/v2\/users\/6"}],"replies":[{"embeddable":true,"href":"https:\/\/www.wcdn.wroc.pl\/www\/index.php?rest_route=%2Fwp%2Fv2%2Fcomments&post=7070"}],"version-history":[{"count":1,"href":"https:\/\/www.wcdn.wroc.pl\/www\/index.php?rest_route=\/wp\/v2\/posts\/7070\/revisions"}],"predecessor-version":[{"id":7071,"href":"https:\/\/www.wcdn.wroc.pl\/www\/index.php?rest_route=\/wp\/v2\/posts\/7070\/revisions\/7071"}],"wp:attachment":[{"href":"https:\/\/www.wcdn.wroc.pl\/www\/index.php?rest_route=%2Fwp%2Fv2%2Fmedia&parent=7070"}],"wp:term":[{"taxonomy":"category","embeddable":true,"href":"https:\/\/www.wcdn.wroc.pl\/www\/index.php?rest_route=%2Fwp%2Fv2%2Fcategories&post=7070"},{"taxonomy":"post_tag","embeddable":true,"href":"https:\/\/www.wcdn.wroc.pl\/www\/index.php?rest_route=%2Fwp%2Fv2%2Ftags&post=7070"}],"curies":[{"name":"wp","href":"https:\/\/api.w.org\/{rel}","templated":true}]}}